{"id":160,"date":"2025-10-01T08:31:45","date_gmt":"2025-10-01T06:31:45","guid":{"rendered":"https:\/\/lesmyosotis-amiens.fr\/?p=160"},"modified":"2026-02-09T11:00:51","modified_gmt":"2026-02-09T10:00:51","slug":"portrait-pere-andre-marie-conferencier-du-dimanche-9-novembre-2025","status":"publish","type":"post","link":"https:\/\/lesmyosotis-amiens.fr\/index.php\/2025\/10\/01\/portrait-pere-andre-marie-conferencier-du-dimanche-9-novembre-2025\/","title":{"rendered":"Portrait P\u00e8re Andr\u00e9 Marie : Conf\u00e9rencier du dimanche 9 novembre 2025"},"content":{"rendered":"\n<p>Le P\u00e8re Andr\u00e9-Marie est un moine b\u00e9n\u00e9dictin. Il est aussi potier, po\u00e8te, sculpteur et peintre. Nomm\u00e9 par ses sup\u00e9rieurs \u00ab\u00a0P\u00e8re des pauvres d&rsquo;ici et du tiers-monde\u00a0\u00bb, il s\u00e9journe \u00e0 la Demeure \u00e0 Croixrault dans la Somme. La Demeure n\u2019est pas seulement une maison, elle est aussi maison d\u2019\u00e9dition. Le P\u00e8re Andr\u00e9-Marie, \u00e9crivain, po\u00e8te, y \u00e9dite ses quelque 80 livres. Le lieu, qui abrite des personnes d\u00e9munies, est son domicile, son atelier d&rsquo;art, ainsi qu&rsquo;un lieu d&rsquo;accueil et de rencontre.<\/p>\n\n\n\n<p>Et la chapelle est son lieu privil\u00e9gi\u00e9 de c\u00e9l\u00e9bration. Retrouvez le P\u00e8re Andr\u00e9 Marie lors de notre journ\u00e9e du dimanche 9 novembre prochain. On vous attends nombreux !<\/p>\n\n\n\n<p>Pour ceux qui ne le connaissent pas ou ne connaissent pas La Demeure, la voici en 5 minutes <\/p>\n\n\n\n<figure class=\"wp-block-embed is-type-video is-provider-youtube wp-block-embed-youtube wp-embed-aspect-16-9 wp-has-aspect-ratio\"><div class=\"wp-block-embed__wrapper\">\n<iframe loading=\"lazy\" title=\"Andr\u00e9-Marie (suite)\" width=\"1080\" height=\"608\" src=\"https:\/\/www.youtube.com\/embed\/ThnEvGU65Wc?start=88&#038;feature=oembed\"  allow=\"accelerometer; autoplay; clipboard-write; encrypted-media; gyroscope; picture-in-picture; web-share\" referrerpolicy=\"strict-origin-when-cross-origin\" allowfullscreen><\/iframe>\n<\/div><\/figure>\n\n\n\n<p><\/p>\n","protected":false},"excerpt":{"rendered":"<p>Le P\u00e8re Andr\u00e9-Marie est un moine b\u00e9n\u00e9dictin. Il est aussi potier, po\u00e8te, sculpteur et peintre. Nomm\u00e9 par ses sup\u00e9rieurs \u00ab\u00a0P\u00e8re des pauvres d&rsquo;ici et du tiers-monde\u00a0\u00bb, il s\u00e9journe \u00e0 la Demeure \u00e0 Croixrault dans la Somme. La Demeure n\u2019est pas seulement une maison, elle est aussi maison d\u2019\u00e9dition. Le P\u00e8re Andr\u00e9-Marie, \u00e9crivain, po\u00e8te, y \u00e9dite [&hellip;]<\/p>\n","protected":false},"author":1,"featured_media":162,"comment_status":"closed","ping_status":"open","sticky":false,"template":"","format":"standard","meta":{"_et_pb_use_builder":"off","_et_pb_old_content":"","_et_gb_content_width":"","footnotes":""},"categories":[1],"tags":[],"class_list":["post-160","post","type-post","status-publish","format-standard","has-post-thumbnail","hentry","category-non-classe"],"_links":{"self":[{"href":"https:\/\/lesmyosotis-amiens.fr\/index.php\/wp-json\/wp\/v2\/posts\/160","targetHints":{"allow":["GET"]}}],"collection":[{"href":"https:\/\/lesmyosotis-amiens.fr\/index.php\/wp-json\/wp\/v2\/posts"}],"about":[{"href":"https:\/\/lesmyosotis-amiens.fr\/index.php\/wp-json\/wp\/v2\/types\/post"}],"author":[{"embeddable":true,"href":"https:\/\/lesmyosotis-amiens.fr\/index.php\/wp-json\/wp\/v2\/users\/1"}],"replies":[{"embeddable":true,"href":"https:\/\/lesmyosotis-amiens.fr\/index.php\/wp-json\/wp\/v2\/comments?post=160"}],"version-history":[{"count":3,"href":"https:\/\/lesmyosotis-amiens.fr\/index.php\/wp-json\/wp\/v2\/posts\/160\/revisions"}],"predecessor-version":[{"id":177,"href":"https:\/\/lesmyosotis-amiens.fr\/index.php\/wp-json\/wp\/v2\/posts\/160\/revisions\/177"}],"wp:featuredmedia":[{"embeddable":true,"href":"https:\/\/lesmyosotis-amiens.fr\/index.php\/wp-json\/wp\/v2\/media\/162"}],"wp:attachment":[{"href":"https:\/\/lesmyosotis-amiens.fr\/index.php\/wp-json\/wp\/v2\/media?parent=160"}],"wp:term":[{"taxonomy":"category","embeddable":true,"href":"https:\/\/lesmyosotis-amiens.fr\/index.php\/wp-json\/wp\/v2\/categories?post=160"},{"taxonomy":"post_tag","embeddable":true,"href":"https:\/\/lesmyosotis-amiens.fr\/index.php\/wp-json\/wp\/v2\/tags?post=160"}],"curies":[{"name":"wp","href":"https:\/\/api.w.org\/{rel}","templated":true}]}}