{"id":102,"date":"2024-10-11T10:11:39","date_gmt":"2024-10-11T08:11:39","guid":{"rendered":"https:\/\/lesmyosotis-amiens.fr\/?p=102"},"modified":"2024-10-11T10:13:06","modified_gmt":"2024-10-11T08:13:06","slug":"portrait-lysiane-flandrin","status":"publish","type":"post","link":"https:\/\/lesmyosotis-amiens.fr\/index.php\/2024\/10\/11\/portrait-lysiane-flandrin\/","title":{"rendered":"Portrait : Lysiane Flandrin, notre conf\u00e9renci\u00e8re de Novembre"},"content":{"rendered":"\n<p>Apr\u00e8s une carri\u00e8re en qualit\u00e9 de professeur d&rsquo;anglais, Lysiane  a parall\u00e8lement suivi plusieurs formations parmi lesquelles :<\/p>\n\n\n\n<ul class=\"wp-block-list\">\n<li>Le Magn\u00e9tisme<\/li>\n\n\n\n<li>La Naturopathie<\/li>\n\n\n\n<li>L&rsquo;Aromath\u00e9rapie<\/li>\n\n\n\n<li>La Th\u00e9rapie Arch\u00e9typale<\/li>\n\n\n\n<li>L&rsquo;accueil du verbe<\/li>\n\n\n\n<li>La Num\u00e9rologie Karmique<\/li>\n\n\n\n<li>La Parapsychologie<\/li>\n<\/ul>\n\n\n\n<p>D\u00e9sormais, Lysiane r\u00e9alise le th\u00e8me num\u00e9rologique de personnes d\u00e9sireuses de donner du sens aux exp\u00e9riences v\u00e9cues et \u00e0 vivre.<\/p>\n\n\n\n<p>Retrouvez Lysiane Flandrin le dimanche 10 novembre prochain 14h30 au Novotel, rue des Indes Noires \u00e0 Boves.<\/p>\n\n\n\n<p>Inscriptions et renseignements : par t\u00e9l\u00e9phone au 06 72 69 96 46 ou sur notre page facebook <a href=\"https:\/\/www.facebook.com\/profile.php?id=61553956770049\" data-type=\"link\" data-id=\"https:\/\/www.facebook.com\/profile.php?id=61553956770049\">Les Myosotis Amiens<\/a><\/p>\n","protected":false},"excerpt":{"rendered":"<p>Apr\u00e8s une carri\u00e8re en qualit\u00e9 de professeur d&rsquo;anglais, Lysiane a parall\u00e8lement suivi plusieurs formations parmi lesquelles : D\u00e9sormais, Lysiane r\u00e9alise le th\u00e8me num\u00e9rologique de personnes d\u00e9sireuses de donner du sens aux exp\u00e9riences v\u00e9cues et \u00e0 vivre. Retrouvez Lysiane Flandrin le dimanche 10 novembre prochain 14h30 au Novotel, rue des Indes Noires \u00e0 Boves. Inscriptions et [&hellip;]<\/p>\n","protected":false},"author":1,"featured_media":103,"comment_status":"closed","ping_status":"open","sticky":false,"template":"","format":"standard","meta":{"_et_pb_use_builder":"off","_et_pb_old_content":"","_et_gb_content_width":"","footnotes":""},"categories":[1],"tags":[],"class_list":["post-102","post","type-post","status-publish","format-standard","has-post-thumbnail","hentry","category-non-classe"],"_links":{"self":[{"href":"https:\/\/lesmyosotis-amiens.fr\/index.php\/wp-json\/wp\/v2\/posts\/102","targetHints":{"allow":["GET"]}}],"collection":[{"href":"https:\/\/lesmyosotis-amiens.fr\/index.php\/wp-json\/wp\/v2\/posts"}],"about":[{"href":"https:\/\/lesmyosotis-amiens.fr\/index.php\/wp-json\/wp\/v2\/types\/post"}],"author":[{"embeddable":true,"href":"https:\/\/lesmyosotis-amiens.fr\/index.php\/wp-json\/wp\/v2\/users\/1"}],"replies":[{"embeddable":true,"href":"https:\/\/lesmyosotis-amiens.fr\/index.php\/wp-json\/wp\/v2\/comments?post=102"}],"version-history":[{"count":2,"href":"https:\/\/lesmyosotis-amiens.fr\/index.php\/wp-json\/wp\/v2\/posts\/102\/revisions"}],"predecessor-version":[{"id":106,"href":"https:\/\/lesmyosotis-amiens.fr\/index.php\/wp-json\/wp\/v2\/posts\/102\/revisions\/106"}],"wp:featuredmedia":[{"embeddable":true,"href":"https:\/\/lesmyosotis-amiens.fr\/index.php\/wp-json\/wp\/v2\/media\/103"}],"wp:attachment":[{"href":"https:\/\/lesmyosotis-amiens.fr\/index.php\/wp-json\/wp\/v2\/media?parent=102"}],"wp:term":[{"taxonomy":"category","embeddable":true,"href":"https:\/\/lesmyosotis-amiens.fr\/index.php\/wp-json\/wp\/v2\/categories?post=102"},{"taxonomy":"post_tag","embeddable":true,"href":"https:\/\/lesmyosotis-amiens.fr\/index.php\/wp-json\/wp\/v2\/tags?post=102"}],"curies":[{"name":"wp","href":"https:\/\/api.w.org\/{rel}","templated":true}]}}